{"id":5722,"date":"1970-01-01T00:00:00","date_gmt":"1969-12-31T23:00:00","guid":{"rendered":"https:\/\/arguis.monrepos.es\/les-fondateurs-du-winter-gathering-de-retour-a-arguis-50-ans-plus-tard\/"},"modified":"1970-01-01T00:00:00","modified_gmt":"1969-12-31T23:00:00","slug":"les-fondateurs-du-winter-gathering-de-retour-a-arguis-50-ans-plus-tard","status":"publish","type":"post","link":"https:\/\/arguis.monrepos.es\/fr\/les-fondateurs-du-winter-gathering-de-retour-a-arguis-50-ans-plus-tard\/","title":{"rendered":"Les fondateurs du Winter Gathering, de retour \u00e0 Arguis 50 ans plus tard"},"content":{"rendered":"<p>&nbsp;<\/p>\n<p>Le Moto Club Pirineos et le Moto Club Turismo (MCT), entit\u00e9s fondatrices du meeting d&rsquo;hiver d&rsquo;Arguis en 1974, se joindront au Moto Club Monrep\u00f3s dans l&rsquo;organisation du 50\u00e8me anniversaire du meeting.<\/p>\n<p>De plus, des membres historiques de l&rsquo;\u00e9quipe organisatrice de toutes les \u00e9tapes de l&rsquo;Invernal collaboreront \u00e0 cette \u00e9dition, de sorte que pratiquement toute la longue histoire du meeting d&rsquo;hiver d&rsquo;Arguis sera repr\u00e9sent\u00e9e.<\/p>\n<p>Le Moto Club Turismo (MCT), actuellement inactif, se r\u00e9unira \u00e0 nouveau pour l&rsquo;occasion avec ses membres originaux qui collaboreront activement \u00e0 l&rsquo;organisation.<br \/>\nCette organisation, en collaboration avec le Moto Club Pirineos, a organis\u00e9 les \u00e9ditions de 1974 \u00e0 1976.<br \/>\nLe club \u00e9tait \u00e9galement responsable du Rallye de Saragosse qui, lors de son \u00e9dition de 1975, comptait d\u00e9j\u00e0 plus de 500 participants et b\u00e9n\u00e9ficiait d&rsquo;une grande couverture m\u00e9diatique.<\/p>\n<p>De m\u00eame, avec le Moto Club Pole Position (qui organisa plus tard le c\u00e9l\u00e8bre \u00ab\u00a0Ninot de Neu\u00a0\u00bb d&rsquo;hiver \u00e0 Guardiola et plus tard \u00e0 Camprodon), il organisa le meeting libre de Candasnos et avec le MCTM le meeting libre d&rsquo;Arcos de Jal\u00f3n.<br \/>\nLe mythique Moto Club Pirineos, en plus d&rsquo;avoir fond\u00e9 le meeting, a \u00e9t\u00e9 \u00e0 l&rsquo;origine de son \u00e9tape classique et a donn\u00e9 une forme d\u00e9finitive au meeting d&rsquo;hiver tel qu&rsquo;il est aujourd&rsquo;hui. <\/p>\n<p>Il a atteint des records d&rsquo;affluence \u00e0 Arguis impensables \u00e0 l&rsquo;\u00e9poque, avec plus de 500 coureurs inscrits dans les ann\u00e9es 70, ce qui, avec son c\u00e9l\u00e8bre Rallye Barbastro, en a fait le meeting de r\u00e9f\u00e9rence et sans aucun doute le plus important de l&rsquo;\u00e9poque,<\/p>\n<p>avec le m\u00e9rite suppl\u00e9mentaire d&rsquo;avoir affront\u00e9 plusieurs ann\u00e9es cons\u00e9cutives de fortes chutes de neige, enneigeant pratiquement toutes les \u00e9ditions, mais se distinguant parmi toutes celles de 1977, 1981 et 1982 avec des coupures totales de la route et un Arguis isol\u00e9 par la neige.<\/p>\n<p>De la m\u00eame mani\u00e8re, nous aurons la pr\u00e9sence d&rsquo;anciens membres fondateurs du PMZ, comme le mythique Roberto \u00ab\u00a0Malasemana\u00a0\u00bb qui, en 1983, a sauv\u00e9 le Meeting de la disparition en l&rsquo;amenant, \u00e0 la fin des ann\u00e9es 80 et au d\u00e9but des ann\u00e9es 90, \u00e0 des records successifs de participation qui n&rsquo;ont jamais \u00e9t\u00e9 d\u00e9pass\u00e9s, jusqu&rsquo;au meeting de 2012.<\/p>\n<p>M\u00eame si nous ressentons l&rsquo;absence irr\u00e9m\u00e9diable de personnalit\u00e9s comme Emilio Molin\u00e9 et Miguel Calvera, ainsi que Theo et Pierrot Labarthe d&rsquo;Olor\u00f3n, dont nous nous souviendrons avec \u00e9motion, de nombreux participants et organisateurs de la premi\u00e8re \u00e9dition de 1974 reviendront \u00e0 Arguis pour cette occasion sp\u00e9ciale.<\/p>\n<p>Le Moto Club Monrep\u00f3s leur remettra \u00e9galement un troph\u00e9e sp\u00e9cial de reconnaissance, afin qu&rsquo;ils puissent recevoir les applaudissements et la chaleur de tous les participants, avec l&rsquo;\u00e9motion suppl\u00e9mentaire d&rsquo;avoir l&rsquo;occasion de voir flotter les m\u00eames drapeaux qui, 50 ans plus tard, ont vu na\u00eetre la plus ancienne r\u00e9union d&rsquo;Espagne.<\/p>\n<p>Un troph\u00e9e sp\u00e9cial sera \u00e9galement d\u00e9cern\u00e9 au Moto Club Oloronais (MCO), en pratique l&rsquo;organisateur \u00ab\u00a0spirituel\u00a0\u00bb dans les ann\u00e9es 70, pour sa contribution \u00e0 l&rsquo;Invernal dans ce qui fut peut-\u00eatre le premier cas de collaboration internationale entre clubs en Europe. Nous essaierons de faire de cette \u00e9dition un v\u00e9ritable voyage dans le temps,<\/p>\n<p>Arguis peut \u00e0 nouveau revivre l&rsquo;excitation des lointaines ann\u00e9es 70, c&rsquo;est pourquoi nous invitons tous les participants qui en ont la possibilit\u00e9 \u00e0 venir sur la premi\u00e8re moto qu&rsquo;ils ont utilis\u00e9e pour venir \u00e0 Arguis, sur un cyclomoteur, un side-car ou sur un vieux deux-temps.<\/p>\n<p>Bien que cela soit habituel dans toutes les \u00e9ditions, ce 50\u00e8me anniversaire prend plus d&rsquo;importance si possible. De la m\u00e9moire \u00e9mue de D. Emilio Molin\u00e9, \u00e0 qui une minute de silence solennelle sera d\u00e9di\u00e9e, nous voulons envoyer un message de bienvenue \u00e0 tous les participants.<\/p>\n<p>Les fondateurs de l&rsquo;Hivernale, de nouveau \u00e0 Arguis 50 ans apr\u00e8s Le Moto Club Pirineos et le Moto Club Turismo (MCT), entit\u00e9s fondatrices de la Rassemblement Invernal d&rsquo;Arguis en 1974, se joindront au Moto Club Monrep\u00f3s pour organiser le 50e anniversaire du rassemblement.<\/p>\n<p>En outre, des membres historiques de l&rsquo;\u00e9quipe organisatrice de toutes les \u00e9tapes d&rsquo;Arguis collaboreront \u00e0 cette \u00e9dition, de sorte que pratiquement toute la longue histoire d&rsquo;Arguis sera repr\u00e9sent\u00e9e. Dans le cas du Moto Club Turismo (MCT), actuellement inactif, il se r\u00e9unira \u00e0 nouveau pour l&rsquo;occasion avec ses membres d&rsquo;origine qui collaborent activement \u00e0 l&rsquo;organisation.<br \/>\nCette entit\u00e9 a organis\u00e9 avec le Moto Club Pirineos les \u00e9ditions de l&rsquo;\u00e9tape 1974-1976.<\/p>\n<p>Le club est \u00e9galement responsable du Rallye Saragosse qui, lors de son \u00e9dition 1975, a largement d\u00e9pass\u00e9 les 500 participants et a b\u00e9n\u00e9fici\u00e9 d&rsquo;une large couverture m\u00e9diatique.<\/p>\n<p>De m\u00eame, il a organis\u00e9 avec le Moto Club Pole Position (qui a ensuite organis\u00e9 les m\u00e9morables \u00ab\u00a0Ninot de Neu\u00a0\u00bb d&rsquo;hiver \u00e0 Guardiola et Camprodon) la concentration libre de Candasnos et avec le MCTM la concentration libre d&rsquo;Arcos de Jal\u00f3n.<\/p>\n<p>Le l\u00e9gendaire Moto Club Pirineos, en plus d&rsquo;avoir fond\u00e9 l&rsquo;Hivernale, est \u00e0 l&rsquo;origine de son \u00e9tape classique et a donn\u00e9 une forme d\u00e9finitive au Rassemblement tel qu&rsquo;il est aujourd&rsquo;hui. Il a atteint \u00e0 Arguis des records d&rsquo;inscriptions impensables \u00e0 l&rsquo;\u00e9poque, avec plus de 500 inscriptions dans les ann\u00e9es 70, si bien qu&rsquo;avec son c\u00e9l\u00e8bre Rallye Barbastro, il est devenu le rallye de r\u00e9f\u00e9rence et sans doute le plus important de son temps en Espagne,<\/p>\n<p>avec le m\u00e9rite suppl\u00e9mentaire d&rsquo;avoir pu affronter plusieurs ann\u00e9es cons\u00e9cutives de fortes pr\u00e9cipitations de neige, avec pratiquement toutes les \u00e9ditions avec de la neige, mais parmi toutes celles de 1977, 1981 et 1982 se distinguent par des fermetures totales de la route de Monrep\u00f3s et d&rsquo;Arguis isol\u00e9es par la neige.<\/p>\n<p>De m\u00eame, il y aura la pr\u00e9sence d&rsquo;anciens membres fondateurs du PMZ comme le l\u00e9gendaire Roberto \u00ab\u00a0Malasemana\u00a0\u00bb, qui en 1983 a sauv\u00e9 l&rsquo;hiver de sa disparition, ce qui a conduit \u00e0 la fin des ann\u00e9es 80 et au d\u00e9but des ann\u00e9es 90 \u00e0 des records successifs de participation qui n&rsquo;ont pu \u00eatre d\u00e9pass\u00e9s que depuis la r\u00e9union de 2012.  <\/p>\n<p>M\u00eame si nous regretterons les absences irrempla\u00e7ables de personnalit\u00e9s comme Emilio Molin\u00e9, Miguel Calvera ou Th\u00e9o et Pierrot Labarthe d&rsquo;Olor\u00f3n, dont nous nous souviendrons avec \u00e9motion, une grande partie des participants et des organisateurs de la premi\u00e8re \u00e9dition en 1974 reviendront \u00e0 Arguis en cette occasion sp\u00e9ciale.<\/p>\n<p>Le Moto Club de Monrep\u00f3s leur enverra \u00e9galement un troph\u00e9e de reconnaissance sp\u00e9ciale \u00e0 tous, afin qu&rsquo;ils puissent recevoir les applaudissements et ceux de tous les participants avec l&rsquo;\u00e9motion suppl\u00e9mentaire d&rsquo;avoir l&rsquo;opportunit\u00e9 de voir flotter les m\u00eames draps 50 ans de plus apr\u00e8s la naissance de la plus ancienne rencontre d&rsquo;Espagne.<\/p>\n<p>En outre, un troph\u00e9e sp\u00e9cial sera d\u00e9cern\u00e9 au Moto Club Oloronais (MCO), en pratique \u00e9galement organisateur \u00ab\u00a0spirituel\u00a0\u00bb dans les ann\u00e9es 70, pour sa contribution \u00e0 l&rsquo;Hivernal dans ce qui fut peut-\u00eatre le premier cas de collaboration internationale entre clubs en Europe.<br \/>\nNous essaierons de faire de cette \u00e9dition un authentique voyage dans le pass\u00e9, afin qu&rsquo;Arguis puisse revivre l&rsquo;effervescence des ann\u00e9es 1970,<\/p>\n<p>C&rsquo;est pourquoi nous invitons tous les participants qui ont eu l&rsquo;occasion d&rsquo;enfourcher la premi\u00e8re moto qu&rsquo;ils ont utilis\u00e9e \u00e0 Arguis, qu&rsquo;il s&rsquo;agisse d&rsquo;un cyclomoteur, d&rsquo;un side-car ou d&rsquo;une vieille moto \u00e0 deux temps.<\/p>\n<p>Bien qu&rsquo;il s&rsquo;agisse d&rsquo;un \u00e9l\u00e9ment commun \u00e0 toutes les \u00e9ditions, ce 50e anniversaire rev\u00eat une importance encore plus grande. En m\u00e9moire de M. Emilio Molin\u00e9, \u00e0 qui une minute de silence sera d\u00e9di\u00e9e, nous souhaitons adresser nos salutations \u00e0 tous les participants.<\/p>\n","protected":false},"excerpt":{"rendered":"<p>&nbsp; Le Moto Club Pirineos et le Moto Club Turismo (MCT), entit\u00e9s fondatrices du meeting d&rsquo;hiver d&rsquo;Arguis en 1974, se joindront au Moto Club Monrep\u00f3s dans l&rsquo;organisation du 50\u00e8me anniversaire du meeting. De plus, des membres historiques de l&rsquo;\u00e9quipe organisatrice de toutes les \u00e9tapes de l&rsquo;Invernal collaboreront \u00e0 cette \u00e9dition, de sorte que pratiquement toute [&hellip;]<\/p>\n","protected":false},"author":5,"featured_media":0,"comment_status":"open","ping_status":"closed","sticky":false,"template":"","format":"standard","meta":{"site-sidebar-layout":"default","site-content-layout":"","ast-site-content-layout":"default","site-content-style":"default","site-sidebar-style":"default","ast-global-header-display":"","ast-banner-title-visibility":"","ast-main-header-display":"","ast-hfb-above-header-display":"","ast-hfb-below-header-display":"","ast-hfb-mobile-header-display":"","site-post-title":"","ast-breadcrumbs-content":"","ast-featured-img":"","footer-sml-layout":"","theme-transparent-header-meta":"","adv-header-id-meta":"","stick-header-meta":"","header-above-stick-meta":"","header-main-stick-meta":"","header-below-stick-meta":"","astra-migrate-meta-layouts":"default","ast-page-background-enabled":"default","ast-page-background-meta":{"desktop":{"background-color":"","background-image":"","background-repeat":"repeat","background-position":"center center","background-size":"auto","background-attachment":"scroll","background-type":"","background-media":"","overlay-type":"","overlay-color":"","overlay-opacity":"","overlay-gradient":""},"tablet":{"background-color":"","background-image":"","background-repeat":"repeat","background-position":"center center","background-size":"auto","background-attachment":"scroll","background-type":"","background-media":"","overlay-type":"","overlay-color":"","overlay-opacity":"","overlay-gradient":""},"mobile":{"background-color":"","background-image":"","background-repeat":"repeat","background-position":"center center","background-size":"auto","background-attachment":"scroll","background-type":"","background-media":"","overlay-type":"","overlay-color":"","overlay-opacity":"","overlay-gradient":""}},"ast-content-background-meta":{"desktop":{"background-color":"var(--ast-global-color-5)","background-image":"","background-repeat":"repeat","background-position":"center center","background-size":"auto","background-attachment":"scroll","background-type":"","background-media":"","overlay-type":"","overlay-color":"","overlay-opacity":"","overlay-gradient":""},"tablet":{"background-color":"var(--ast-global-color-5)","background-image":"","background-repeat":"repeat","background-position":"center center","background-size":"auto","background-attachment":"scroll","background-type":"","background-media":"","overlay-type":"","overlay-color":"","overlay-opacity":"","overlay-gradient":""},"mobile":{"background-color":"var(--ast-global-color-5)","background-image":"","background-repeat":"repeat","background-position":"center center","background-size":"auto","background-attachment":"scroll","background-type":"","background-media":"","overlay-type":"","overlay-color":"","overlay-opacity":"","overlay-gradient":""}},"footnotes":""},"categories":[],"tags":[],"class_list":["post-5722","post","type-post","status-publish","format-standard","hentry"],"_links":{"self":[{"href":"https:\/\/arguis.monrepos.es\/fr\/wp-json\/wp\/v2\/posts\/5722","targetHints":{"allow":["GET"]}}],"collection":[{"href":"https:\/\/arguis.monrepos.es\/fr\/wp-json\/wp\/v2\/posts"}],"about":[{"href":"https:\/\/arguis.monrepos.es\/fr\/wp-json\/wp\/v2\/types\/post"}],"author":[{"embeddable":true,"href":"https:\/\/arguis.monrepos.es\/fr\/wp-json\/wp\/v2\/users\/5"}],"replies":[{"embeddable":true,"href":"https:\/\/arguis.monrepos.es\/fr\/wp-json\/wp\/v2\/comments?post=5722"}],"version-history":[{"count":0,"href":"https:\/\/arguis.monrepos.es\/fr\/wp-json\/wp\/v2\/posts\/5722\/revisions"}],"wp:attachment":[{"href":"https:\/\/arguis.monrepos.es\/fr\/wp-json\/wp\/v2\/media?parent=5722"}],"wp:term":[{"taxonomy":"category","embeddable":true,"href":"https:\/\/arguis.monrepos.es\/fr\/wp-json\/wp\/v2\/categories?post=5722"},{"taxonomy":"post_tag","embeddable":true,"href":"https:\/\/arguis.monrepos.es\/fr\/wp-json\/wp\/v2\/tags?post=5722"}],"curies":[{"name":"wp","href":"https:\/\/api.w.org\/{rel}","templated":true}]}}