{"id":5727,"date":"2022-11-19T11:08:18","date_gmt":"2022-11-19T10:08:18","guid":{"rendered":"https:\/\/arguis.monrepos.es\/49-ans-damitie\/"},"modified":"2022-11-19T11:08:18","modified_gmt":"2022-11-19T10:08:18","slug":"49-ans-damitie","status":"publish","type":"post","link":"https:\/\/arguis.monrepos.es\/fr\/49-ans-damitie\/","title":{"rendered":"49 ans d&rsquo;amiti\u00e9"},"content":{"rendered":"<p>Le temps passe et nous touchons d\u00e9j\u00e0 du doigt, 49 ans plus tard, le demi-si\u00e8cle d&rsquo;histoire de la Rencontre d&rsquo;hiver d&rsquo;Arguis. Dans cette \u00e9dition, nous voulons \u00e9galement nous souvenir d&rsquo;Emilio Molin\u00e9 Gaya, fondateur de cette Rencontre, sans oublier que l&rsquo;ann\u00e9e prochaine, un demi-si\u00e8cle apr\u00e8s ce 14 d\u00e9cembre 1974, Emilio occupera une place tr\u00e8s importante. Apr\u00e8s que les restrictions nous aient oblig\u00e9s \u00e0 reporter l&rsquo;hommage qu&rsquo;il m\u00e9ritait, nous avons pens\u00e9 que la meilleure fa\u00e7on d&rsquo;\u00eatre \u00e0 la hauteur d&rsquo;une personne qui a tant apport\u00e9 au motocyclisme \u00e9tait de lui rendre un hommage sp\u00e9cial dans l&rsquo;\u00e9dition qui f\u00eate son demi-si\u00e8cle, ce qui ne veut pas dire que nous ne le garderons pas toujours \u00e0 l&rsquo;esprit et c&rsquo;est pourquoi nous vous invitons tous \u00e0 vous souvenir de lui au cours de cette \u00e9dition. Cette 49e \u00e9dition suivra le chemin de l&rsquo;\u00e9dition pr\u00e9c\u00e9dente et se poursuivra sur la p\u00e9ninsule, qui sera \u00e9galement la seule zone disponible pour planter la tente. Une fois de plus, nous vous rappelons que seules les tentes destin\u00e9es exclusivement \u00e0 la nuit\u00e9e sont autoris\u00e9es et qu&rsquo;aucune autre infrastructure n&rsquo;est permise. L&rsquo;objectif est de prendre le plus grand soin de l&rsquo;environnement naturel o\u00f9 se d\u00e9roule l&rsquo;\u00e9v\u00e9nement. Pour des raisons m\u00e9dicales, il n&rsquo;est pas encore certain que Lafoz sera ouvert, nous ferons donc comme lors de l&rsquo;\u00e9dition pr\u00e9c\u00e9dente. Nous vous encourageons une ann\u00e9e de plus \u00e0 venir avec vos motos historiques, avec vos vieux deux-temps de votre jeunesse br\u00fblant de Castrol, \u00e0 venir avec des cyclomoteurs, des side-cars ou les vieilles gloires du trail, en vous rappelant une fois de plus l&rsquo;esprit qui a inspir\u00e9 cette rencontre et qui nous a accompagn\u00e9s pendant ces 49 ann\u00e9es. Nous vous rappelons qu&rsquo;<strong>il est strictement interdit de participer avec un v\u00e9hicule autre qu&rsquo;une moto, un cyclomoteur ou un side-car<\/strong>. Accepter le contraire serait un manque de consid\u00e9ration pour tous ceux qui, de toute l&rsquo;Europe, bravent le froid, la neige et la glace pour assister \u00e0 cette r\u00e9union tr\u00e8s sp\u00e9ciale. Il y a d&rsquo;autres \u00e9v\u00e9nements o\u00f9 ces choses n&rsquo;ont pas d&rsquo;importance, mais venir en voiture \u00e0 Arguis va \u00e0 l&rsquo;encontre de toutes les valeurs que ce meeting repr\u00e9sente.<\/p>\n<p><a href=\"https:\/\/arguisold.monrepos.es\/wp-content\/uploads\/2014\/09\/Arguis1979.jpg\" target=\"_blank\" rel=\"noopener\"><img fetchpriority=\"high\" decoding=\"async\" class=\"size-medium wp-image-50 aligncenter\" src=\"https:\/\/arguis.monrepos.es\/wp-content\/uploads\/2024\/10\/Arguis1979-300x197-1.jpg\" alt=\"\" width=\"300\" height=\"197\"><\/a><\/p>\n<p>Autre chose tr\u00e8s importante : n&rsquo;oubliez jamais d&rsquo;<strong>apporter quelque chose de typique de votre lieu d&rsquo;origine pour le partager avec les autres participants<\/strong>. Peu importe qu&rsquo;il s&rsquo;agisse d&rsquo;un bonbon, d&rsquo;une saucisse, d&rsquo;une liqueur typique&#8230; tout ce qui constitue un signe d&rsquo;identit\u00e9 de votre lieu d&rsquo;origine. Par ce geste incontournable, nous contribuons tous \u00e0 maintenir l&rsquo;esprit de cette r\u00e9union. Parlez, discutez, posez des questions et partagez avec tout le monde pour que le feu de joie d&rsquo;Arguis continue d&rsquo;\u00eatre pendant ce week-end cette lumi\u00e8re qui illumine le tourisme moto europ\u00e9en pour se rappeler d&rsquo;o\u00f9 nous venons, que le temps passe, mais que l&rsquo;esprit reste toujours vivant. Parlez fran\u00e7ais, anglais, allemand, portugais &#8230;.. ou si vous ne savez pas, il y a toujours des signes et des gestes qui sont universels. \u00c0 Arguis, vous avez des centaines d&rsquo;amis qui attendent d&rsquo;entamer une conversation. Ce ne sont pas vos comp\u00e9tences linguistiques qui comptent, mais l&rsquo;esprit d&rsquo;amiti\u00e9, la camaraderie et la soif de connaissances. D\u00e9couvrez comment planifier vos prochains voyages, partagez votre exp\u00e9rience des voyages que vous avez d\u00e9j\u00e0 effectu\u00e9s. Bref, partagez et appr\u00e9ciez. N&rsquo;oubliez pas que le fran\u00e7ais et l&rsquo;espagnol sont les langues officielles de l&rsquo;\u00e9v\u00e9nement et que plus de la moiti\u00e9 des participants viennent d&rsquo;autres pays europ\u00e9ens. L&rsquo;<strong>inscription pr\u00e9alable est une condition essentielle<\/strong> pour structurer la r\u00e9union, qui ne b\u00e9n\u00e9ficie d&rsquo;aucun parrainage ni d&rsquo;aucune subvention. La capacit\u00e9 est limit\u00e9e, l&rsquo;environnement est prot\u00e9g\u00e9 et il est donc n\u00e9cessaire d&rsquo;anticiper. Les inscriptions sur place sont soumises \u00e0 disponibilit\u00e9 et, le cas \u00e9ch\u00e9ant, \u00e0 un suppl\u00e9ment de 5 euros. Assurez votre place en vous inscrivant dans la section d&rsquo;inscription de cette page. Aucune carte journali\u00e8re ne sera d\u00e9livr\u00e9e et aucune entr\u00e9e sans inscription ne sera autoris\u00e9e. Tous les frais de cette rencontre sont pay\u00e9s par les participants eux-m\u00eames, ce serait donc un manque de respect total que de vouloir profiter d&rsquo;une infrastructure pay\u00e9e gratuitement par tous les autres motards. Nous nous attendons \u00e0 une \u00e9dition inoubliable o\u00f9, sous les \u00e9toiles, au milieu des montagnes des Pyr\u00e9n\u00e9es et \u00e0 c\u00f4t\u00e9 des flammes du grand feu de joie, nous nous recr\u00e9erons tous et trouverons ce lieu <em>sacr\u00e9 <\/em>o\u00f9 le temps ne passe pas sous la banni\u00e8re de l&rsquo;amiti\u00e9. Nous vous remercions tous d&rsquo;avoir fait revivre cette r\u00e9union une fois de plus cette ann\u00e9e. Nous nous r\u00e9jouissons de vous retrouver autour du feu.    <\/p>\n<p> <strong>VIVE ARGUIS !<\/strong><\/p>\n<p><strong>MONREP\u00d3S MOTORBIKE CLUB<\/strong><\/p>\n<p>P.S. &#8211; Nous aimerions faire une mention tr\u00e8s sp\u00e9ciale dans cette \u00e9dition \u00e0 tous les membres et d\u00e9l\u00e9gu\u00e9s qui, par leur travail et leurs efforts, ainsi que par un kilom\u00e9trage annuel sans jamais descendre de la moto, portent le drapeau du Moto Club Monrep\u00f3s et de cette Rencontre jusqu&rsquo;aux confins du vieux monde. Nous remercions tout particuli\u00e8rement <strong>Pascal Lamotte, Joao Penedo, Manuel de la Rosa, Nils Mant\u00e9, Julian Garc\u00eda Porras et le duo Maria Pichu\/Andr\u00e9s Partebiela<\/strong>. Et \u00e0 <strong>Eduardo Alcubierre,<\/strong> une r\u00e9f\u00e9rence qui, \u00e0 plus de 70 ans, continue avec l&rsquo;enthousiasme d&rsquo;un enfant, en donnant toujours le meilleur de lui-m\u00eame, avec cette capacit\u00e9 qu&rsquo;il a de nous inspirer tous et de nous contaminer avec sa passion.  <\/p>\n<p>&nbsp;<\/p>\n<p>&nbsp;<\/p>\n<p>&nbsp;<\/p>\n<p>&nbsp;<\/p>\n<p>&nbsp;<\/p>\n<p>&nbsp;<\/p>\n<p>&nbsp;<\/p>\n<p>&nbsp;<\/p>\n","protected":false},"excerpt":{"rendered":"<p>Le temps passe et nous touchons d\u00e9j\u00e0 du doigt, 49 ans plus tard, le demi-si\u00e8cle d&rsquo;histoire de la Rencontre d&rsquo;hiver d&rsquo;Arguis. Dans cette \u00e9dition, nous voulons \u00e9galement nous souvenir d&rsquo;Emilio Molin\u00e9 Gaya, fondateur de cette Rencontre, sans oublier que l&rsquo;ann\u00e9e prochaine, un demi-si\u00e8cle apr\u00e8s ce 14 d\u00e9cembre 1974, Emilio occupera une place tr\u00e8s importante. Apr\u00e8s [&hellip;]<\/p>\n","protected":false},"author":5,"featured_media":5473,"comment_status":"open","ping_status":"closed","sticky":false,"template":"","format":"standard","meta":{"site-sidebar-layout":"default","site-content-layout":"","ast-site-content-layout":"default","site-content-style":"default","site-sidebar-style":"default","ast-global-header-display":"","ast-banner-title-visibility":"","ast-main-header-display":"","ast-hfb-above-header-display":"","ast-hfb-below-header-display":"","ast-hfb-mobile-header-display":"","site-post-title":"","ast-breadcrumbs-content":"","ast-featured-img":"","footer-sml-layout":"","theme-transparent-header-meta":"","adv-header-id-meta":"","stick-header-meta":"","header-above-stick-meta":"","header-main-stick-meta":"","header-below-stick-meta":"","astra-migrate-meta-layouts":"default","ast-page-background-enabled":"default","ast-page-background-meta":{"desktop":{"background-color":"","background-image":"","background-repeat":"repeat","background-position":"center center","background-size":"auto","background-attachment":"scroll","background-type":"","background-media":"","overlay-type":"","overlay-color":"","overlay-opacity":"","overlay-gradient":""},"tablet":{"background-color":"","background-image":"","background-repeat":"repeat","background-position":"center center","background-size":"auto","background-attachment":"scroll","background-type":"","background-media":"","overlay-type":"","overlay-color":"","overlay-opacity":"","overlay-gradient":""},"mobile":{"background-color":"","background-image":"","background-repeat":"repeat","background-position":"center center","background-size":"auto","background-attachment":"scroll","background-type":"","background-media":"","overlay-type":"","overlay-color":"","overlay-opacity":"","overlay-gradient":""}},"ast-content-background-meta":{"desktop":{"background-color":"var(--ast-global-color-5)","background-image":"","background-repeat":"repeat","background-position":"center center","background-size":"auto","background-attachment":"scroll","background-type":"","background-media":"","overlay-type":"","overlay-color":"","overlay-opacity":"","overlay-gradient":""},"tablet":{"background-color":"var(--ast-global-color-5)","background-image":"","background-repeat":"repeat","background-position":"center center","background-size":"auto","background-attachment":"scroll","background-type":"","background-media":"","overlay-type":"","overlay-color":"","overlay-opacity":"","overlay-gradient":""},"mobile":{"background-color":"var(--ast-global-color-5)","background-image":"","background-repeat":"repeat","background-position":"center center","background-size":"auto","background-attachment":"scroll","background-type":"","background-media":"","overlay-type":"","overlay-color":"","overlay-opacity":"","overlay-gradient":""}},"footnotes":""},"categories":[],"tags":[],"class_list":["post-5727","post","type-post","status-publish","format-standard","has-post-thumbnail","hentry"],"_links":{"self":[{"href":"https:\/\/arguis.monrepos.es\/fr\/wp-json\/wp\/v2\/posts\/5727","targetHints":{"allow":["GET"]}}],"collection":[{"href":"https:\/\/arguis.monrepos.es\/fr\/wp-json\/wp\/v2\/posts"}],"about":[{"href":"https:\/\/arguis.monrepos.es\/fr\/wp-json\/wp\/v2\/types\/post"}],"author":[{"embeddable":true,"href":"https:\/\/arguis.monrepos.es\/fr\/wp-json\/wp\/v2\/users\/5"}],"replies":[{"embeddable":true,"href":"https:\/\/arguis.monrepos.es\/fr\/wp-json\/wp\/v2\/comments?post=5727"}],"version-history":[{"count":0,"href":"https:\/\/arguis.monrepos.es\/fr\/wp-json\/wp\/v2\/posts\/5727\/revisions"}],"wp:featuredmedia":[{"embeddable":true,"href":"https:\/\/arguis.monrepos.es\/fr\/wp-json\/wp\/v2\/media\/5473"}],"wp:attachment":[{"href":"https:\/\/arguis.monrepos.es\/fr\/wp-json\/wp\/v2\/media?parent=5727"}],"wp:term":[{"taxonomy":"category","embeddable":true,"href":"https:\/\/arguis.monrepos.es\/fr\/wp-json\/wp\/v2\/categories?post=5727"},{"taxonomy":"post_tag","embeddable":true,"href":"https:\/\/arguis.monrepos.es\/fr\/wp-json\/wp\/v2\/tags?post=5727"}],"curies":[{"name":"wp","href":"https:\/\/api.w.org\/{rel}","templated":true}]}}